{"id":1447,"date":"2022-09-06T18:13:43","date_gmt":"2022-09-06T18:13:43","guid":{"rendered":"https:\/\/fugasdacasa.net\/?p=1447"},"modified":"2022-09-20T18:01:48","modified_gmt":"2022-09-20T18:01:48","slug":"colegio-de-patronos","status":"publish","type":"post","link":"https:\/\/fugasdacasa.net\/?p=1447","title":{"rendered":"Col\u00e9gio de Patronos"},"content":{"rendered":"\n<blockquote class=\"wp-block-quote is-layout-flow wp-block-quote-is-layout-flow\"><p>&#8220;Estabelecido em 2014, o Col\u00e9gio de Patronos re\u00fane benfeitores particulares que reconhecem o contributo da Casa da M\u00fasica para o desenvolvimento do Porto e da regi\u00e3o e a import\u00e2ncia de manter o dinamismo e a qualidade do programa de concertos e das actividades do Servi\u00e7o Educativo.<br>Os Patronos participam em encontros exclusivos que lhes s\u00e3o dedicados, t\u00eam acesso aos eventos mais especiais da Casa da M\u00fasica e beneficiam de uma via personalizada para todos os contactos com a Casa, nomeadamente para efeitos de aquisi\u00e7\u00e3o de bilhetes e assinaturas, assim como de condi\u00e7\u00f5es especiais de pr\u00e9-reserva de bilhetes.<br>Ser Patrono garante:<br>\u2014 Interlocutor exclusivo para todos os assuntos, incluindo bilheteira;<br>\u2014 Convites para os mais importantes momentos do calend\u00e1rio anual;<br>\u2014 Reuni\u00e3o anual do Col\u00e9gio de Patronos.<br>Como ser Patrono?<br>\u00c9 reconhecido o t\u00edtulo de Patrono da Funda\u00e7\u00e3o a quantos efectuem um donativo mecen\u00e1tico anual a partir de 1.000 euros.&#8221;<\/p><\/blockquote>\n\n\n\n<p>Sem informa\u00e7\u00e3o sobre a composi\u00e7\u00e3o do Col\u00e9gio de Patronos no <a href=\"https:\/\/www.casadamusica.com\/pt\/fundacao\/apoie-a-casa-da-musica\/patronos\/?lang=pt\" target=\"_blank\" rel=\"noreferrer noopener\"><em>site<\/em> da Casa da M\u00fasica<\/a>.<\/p>\n","protected":false},"excerpt":{"rendered":"<p>&#8220;Estabelecido em 2014, o Col\u00e9gio de Patronos re\u00fane benfeitores particulares que reconhecem o contributo da Casa da M\u00fasica para o desenvolvimento do Porto e da regi\u00e3o e a import\u00e2ncia de manter o dinamismo e a qualidade do programa de concertos e das actividades do Servi\u00e7o Educativo.Os Patronos participam em encontros exclusivos que lhes s\u00e3o dedicados, [&hellip;]<\/p>\n","protected":false},"author":2,"featured_media":0,"comment_status":"open","ping_status":"open","sticky":false,"template":"page-large-header","format":"standard","meta":{"footnotes":""},"categories":[6],"tags":[],"class_list":["post-1447","post","type-post","status-publish","format-standard","hentry","category-regentes"],"_links":{"self":[{"href":"https:\/\/fugasdacasa.net\/index.php?rest_route=\/wp\/v2\/posts\/1447","targetHints":{"allow":["GET"]}}],"collection":[{"href":"https:\/\/fugasdacasa.net\/index.php?rest_route=\/wp\/v2\/posts"}],"about":[{"href":"https:\/\/fugasdacasa.net\/index.php?rest_route=\/wp\/v2\/types\/post"}],"author":[{"embeddable":true,"href":"https:\/\/fugasdacasa.net\/index.php?rest_route=\/wp\/v2\/users\/2"}],"replies":[{"embeddable":true,"href":"https:\/\/fugasdacasa.net\/index.php?rest_route=%2Fwp%2Fv2%2Fcomments&post=1447"}],"version-history":[{"count":4,"href":"https:\/\/fugasdacasa.net\/index.php?rest_route=\/wp\/v2\/posts\/1447\/revisions"}],"predecessor-version":[{"id":2553,"href":"https:\/\/fugasdacasa.net\/index.php?rest_route=\/wp\/v2\/posts\/1447\/revisions\/2553"}],"wp:attachment":[{"href":"https:\/\/fugasdacasa.net\/index.php?rest_route=%2Fwp%2Fv2%2Fmedia&parent=1447"}],"wp:term":[{"taxonomy":"category","embeddable":true,"href":"https:\/\/fugasdacasa.net\/index.php?rest_route=%2Fwp%2Fv2%2Fcategories&post=1447"},{"taxonomy":"post_tag","embeddable":true,"href":"https:\/\/fugasdacasa.net\/index.php?rest_route=%2Fwp%2Fv2%2Ftags&post=1447"}],"curies":[{"name":"wp","href":"https:\/\/api.w.org\/{rel}","templated":true}]}}